{"id":97,"date":"2021-05-29T06:53:42","date_gmt":"2021-05-29T06:53:42","guid":{"rendered":"https:\/\/www.redlatambiocultural.org\/pescaartesanal\/?p=97"},"modified":"2021-06-16T18:32:00","modified_gmt":"2021-06-16T18:32:00","slug":"tercer-foro-virtual-pesca-artesanal","status":"publish","type":"post","link":"https:\/\/www.redlatambiocultural.org\/pescaartesanal\/2021\/05\/29\/tercer-foro-virtual-pesca-artesanal\/","title":{"rendered":"Foro Virtual 2020. Sesi\u00f3n 2. Comunidades de pescadores artesanales en el interior de Colombia"},"content":{"rendered":"\n<pre class=\"wp-block-verse\">Foro Virtual 2020. Sesi\u00f3n 2. \n<strong>Comunidades de pescadores artesanales en el interior de Colombia<\/strong>.\n\nCoordinadores: \nIsabel Elena Mu\u00f1oz Galvis\nFundaci\u00f3n Zool\u00f3gica de Cali (Colombia)<\/pre>\n\n\n\n<figure class=\"wp-block-image size-large\"><img decoding=\"async\" src=\"data:image\/gif;base64,R0lGODlhAQABAIAAAAAAAP\/\/\/yH5BAEAAAAALAAAAAABAAEAAAIBRAA7\" data-src=\"https:\/\/www.redlatambiocultural.org\/pescaartesanal\/wp-content\/uploads\/sites\/23\/2021\/05\/20190905-pesca.jpg\" alt=\"\" class=\"wp-image-100 lazyload\" \/><noscript><img decoding=\"async\" width=\"800\" height=\"500\" src=\"https:\/\/www.redlatambiocultural.org\/pescaartesanal\/wp-content\/uploads\/sites\/23\/2021\/05\/20190905-pesca.jpg\" alt=\"\" class=\"wp-image-100 lazyload\" srcset=\"https:\/\/www.redlatambiocultural.org\/pescaartesanal\/wp-content\/uploads\/sites\/23\/2021\/05\/20190905-pesca.jpg 800w, https:\/\/www.redlatambiocultural.org\/pescaartesanal\/wp-content\/uploads\/sites\/23\/2021\/05\/20190905-pesca-300x188.jpg 300w, https:\/\/www.redlatambiocultural.org\/pescaartesanal\/wp-content\/uploads\/sites\/23\/2021\/05\/20190905-pesca-768x480.jpg 768w, https:\/\/www.redlatambiocultural.org\/pescaartesanal\/wp-content\/uploads\/sites\/23\/2021\/05\/20190905-pesca-400x250.jpg 400w\" sizes=\"(max-width: 800px) 100vw, 800px\" \/><\/noscript><\/figure>\n\n\n\n<p>Link del video: h<a href=\"\/\/fb.watch\/5NDDpvo1Jh\/\">ttps:\/\/fb.watch\/5NDDpvo1Jh\/<\/a><\/p>\n","protected":false},"excerpt":{"rendered":"<p>Foro Virtual 2020. Sesi\u00f3n 2. Comunidades de pescadores artesanales en el interior de Colombia. Coordinadores: Isabel Elena Mu\u00f1oz Galvis Fundaci\u00f3n Zool\u00f3gica de Cali (Colombia) Link del video: https:\/\/fb.watch\/5NDDpvo1Jh\/<\/p>\n","protected":false},"author":27,"featured_media":240,"comment_status":"open","ping_status":"open","sticky":false,"template":"","format":"standard","meta":{"footnotes":""},"categories":[1],"tags":[],"_links":{"self":[{"href":"https:\/\/www.redlatambiocultural.org\/pescaartesanal\/wp-json\/wp\/v2\/posts\/97"}],"collection":[{"href":"https:\/\/www.redlatambiocultural.org\/pescaartesanal\/wp-json\/wp\/v2\/posts"}],"about":[{"href":"https:\/\/www.redlatambiocultural.org\/pescaartesanal\/wp-json\/wp\/v2\/types\/post"}],"author":[{"embeddable":true,"href":"https:\/\/www.redlatambiocultural.org\/pescaartesanal\/wp-json\/wp\/v2\/users\/27"}],"replies":[{"embeddable":true,"href":"https:\/\/www.redlatambiocultural.org\/pescaartesanal\/wp-json\/wp\/v2\/comments?post=97"}],"version-history":[{"count":7,"href":"https:\/\/www.redlatambiocultural.org\/pescaartesanal\/wp-json\/wp\/v2\/posts\/97\/revisions"}],"predecessor-version":[{"id":239,"href":"https:\/\/www.redlatambiocultural.org\/pescaartesanal\/wp-json\/wp\/v2\/posts\/97\/revisions\/239"}],"wp:featuredmedia":[{"embeddable":true,"href":"https:\/\/www.redlatambiocultural.org\/pescaartesanal\/wp-json\/wp\/v2\/media\/240"}],"wp:attachment":[{"href":"https:\/\/www.redlatambiocultural.org\/pescaartesanal\/wp-json\/wp\/v2\/media?parent=97"}],"wp:term":[{"taxonomy":"category","embeddable":true,"href":"https:\/\/www.redlatambiocultural.org\/pescaartesanal\/wp-json\/wp\/v2\/categories?post=97"},{"taxonomy":"post_tag","embeddable":true,"href":"https:\/\/www.redlatambiocultural.org\/pescaartesanal\/wp-json\/wp\/v2\/tags?post=97"}],"curies":[{"name":"wp","href":"https:\/\/api.w.org\/{rel}","templated":true}]}}