{"id":81,"date":"2021-05-29T06:33:05","date_gmt":"2021-05-29T06:33:05","guid":{"rendered":"https:\/\/www.redlatambiocultural.org\/pescaartesanal\/?p=81"},"modified":"2021-06-24T21:47:39","modified_gmt":"2021-06-24T21:47:39","slug":"primer-foro-virtual-04-09-2020","status":"publish","type":"post","link":"https:\/\/www.redlatambiocultural.org\/pescaartesanal\/2021\/05\/29\/primer-foro-virtual-04-09-2020\/","title":{"rendered":"Foro Virtual 2020. Sesi\u00f3n 1. Comunidades de pescadores artesanales en el Ecuador: retos y expectativas en tiempos de pandemia"},"content":{"rendered":"\n<pre id=\"block-dd95ae44-4816-4548-a331-0068b2973efb\" class=\"wp-block-preformatted\">Foro Virtual 2020. Sesi\u00f3n 1.\n<strong>Comunidades de pescadores artesanales en el Ecuador: retos y expectativas en tiempos de pandemia<\/strong>\n\nCoordinadores:\nFernando Represa P\u00e9rez\nCinthya Nathaly Collins\nUniversidad Laica Eloy Alfaro de Manab\u00ed (Ecuador)<\/pre>\n\n\n\n<figure class=\"wp-block-image size-large\"><img decoding=\"async\" src=\"data:image\/gif;base64,R0lGODlhAQABAIAAAAAAAP\/\/\/yH5BAEAAAAALAAAAAABAAEAAAIBRAA7\" data-src=\"https:\/\/www.redlatambiocultural.org\/pescaartesanal\/wp-content\/uploads\/sites\/23\/2021\/05\/IMAGEN-3-1.jpg\" alt=\"\" class=\"wp-image-85 lazyload\" \/><noscript><img decoding=\"async\" width=\"832\" height=\"600\" src=\"https:\/\/www.redlatambiocultural.org\/pescaartesanal\/wp-content\/uploads\/sites\/23\/2021\/05\/IMAGEN-3-1.jpg\" alt=\"\" class=\"wp-image-85 lazyload\" srcset=\"https:\/\/www.redlatambiocultural.org\/pescaartesanal\/wp-content\/uploads\/sites\/23\/2021\/05\/IMAGEN-3-1.jpg 832w, https:\/\/www.redlatambiocultural.org\/pescaartesanal\/wp-content\/uploads\/sites\/23\/2021\/05\/IMAGEN-3-1-300x216.jpg 300w, https:\/\/www.redlatambiocultural.org\/pescaartesanal\/wp-content\/uploads\/sites\/23\/2021\/05\/IMAGEN-3-1-768x554.jpg 768w, https:\/\/www.redlatambiocultural.org\/pescaartesanal\/wp-content\/uploads\/sites\/23\/2021\/05\/IMAGEN-3-1-400x288.jpg 400w, https:\/\/www.redlatambiocultural.org\/pescaartesanal\/wp-content\/uploads\/sites\/23\/2021\/05\/IMAGEN-3-1-800x577.jpg 800w\" sizes=\"(max-width: 832px) 100vw, 832px\" \/><\/noscript><\/figure>\n\n\n\n<p>Link del v\u00eddeo: <\/p>\n\n\n\n<p>Parte 1: <a href=\"https:\/\/fb.watch\/5NChclmKzk\/\">https:\/\/fb.watch\/5NChclmKzk\/<\/a><br>Parte 2: <a href=\"https:\/\/fb.watch\/5NCLntfz9Z\/\">https:\/\/fb.watch\/5NCLntfz9Z\/<\/a><\/p>\n\n\n\n<p><\/p>\n","protected":false},"excerpt":{"rendered":"<p>Foro Virtual 2020. Sesi\u00f3n 1. Comunidades de pescadores artesanales en el Ecuador: retos y expectativas en tiempos de pandemia Coordinadores: Fernando Represa P\u00e9rez Cinthya Nathaly Collins Universidad Laica Eloy Alfaro de Manab\u00ed (Ecuador) Link del v\u00eddeo: Parte 1: https:\/\/fb.watch\/5NChclmKzk\/Parte 2: https:\/\/fb.watch\/5NCLntfz9Z\/<\/p>\n","protected":false},"author":27,"featured_media":267,"comment_status":"open","ping_status":"open","sticky":false,"template":"","format":"standard","meta":{"footnotes":""},"categories":[1],"tags":[],"_links":{"self":[{"href":"https:\/\/www.redlatambiocultural.org\/pescaartesanal\/wp-json\/wp\/v2\/posts\/81"}],"collection":[{"href":"https:\/\/www.redlatambiocultural.org\/pescaartesanal\/wp-json\/wp\/v2\/posts"}],"about":[{"href":"https:\/\/www.redlatambiocultural.org\/pescaartesanal\/wp-json\/wp\/v2\/types\/post"}],"author":[{"embeddable":true,"href":"https:\/\/www.redlatambiocultural.org\/pescaartesanal\/wp-json\/wp\/v2\/users\/27"}],"replies":[{"embeddable":true,"href":"https:\/\/www.redlatambiocultural.org\/pescaartesanal\/wp-json\/wp\/v2\/comments?post=81"}],"version-history":[{"count":7,"href":"https:\/\/www.redlatambiocultural.org\/pescaartesanal\/wp-json\/wp\/v2\/posts\/81\/revisions"}],"predecessor-version":[{"id":172,"href":"https:\/\/www.redlatambiocultural.org\/pescaartesanal\/wp-json\/wp\/v2\/posts\/81\/revisions\/172"}],"wp:featuredmedia":[{"embeddable":true,"href":"https:\/\/www.redlatambiocultural.org\/pescaartesanal\/wp-json\/wp\/v2\/media\/267"}],"wp:attachment":[{"href":"https:\/\/www.redlatambiocultural.org\/pescaartesanal\/wp-json\/wp\/v2\/media?parent=81"}],"wp:term":[{"taxonomy":"category","embeddable":true,"href":"https:\/\/www.redlatambiocultural.org\/pescaartesanal\/wp-json\/wp\/v2\/categories?post=81"},{"taxonomy":"post_tag","embeddable":true,"href":"https:\/\/www.redlatambiocultural.org\/pescaartesanal\/wp-json\/wp\/v2\/tags?post=81"}],"curies":[{"name":"wp","href":"https:\/\/api.w.org\/{rel}","templated":true}]}}