{"id":50,"date":"2021-05-29T05:32:45","date_gmt":"2021-05-29T05:32:45","guid":{"rendered":"https:\/\/www.redlatambiocultural.org\/pescaartesanal\/?p=50"},"modified":"2021-05-29T05:38:06","modified_gmt":"2021-05-29T05:38:06","slug":"proyecto-ecomuseo-y-desarrollo-territorial","status":"publish","type":"post","link":"https:\/\/www.redlatambiocultural.org\/pescaartesanal\/2021\/05\/29\/proyecto-ecomuseo-y-desarrollo-territorial\/","title":{"rendered":"Proyecto Ecomuseo y desarrollo territorial"},"content":{"rendered":"\n<pre class=\"wp-block-verse\">Trabajo realizado por estudiantes de la c\u00e1tedra de antropolog\u00eda Uleam- Proyecto Ecomuseo y desarrollo territorial.<\/pre>\n\n\n\n<figure class=\"wp-block-image size-large\"><img decoding=\"async\" src=\"data:image\/gif;base64,R0lGODlhAQABAIAAAAAAAP\/\/\/yH5BAEAAAAALAAAAAABAAEAAAIBRAA7\" data-src=\"https:\/\/www.redlatambiocultural.org\/pescaartesanal\/wp-content\/uploads\/sites\/23\/2021\/05\/museo.jpg\" alt=\"\" class=\"wp-image-51 lazyload\" \/><noscript><img decoding=\"async\" width=\"1024\" height=\"576\" src=\"https:\/\/www.redlatambiocultural.org\/pescaartesanal\/wp-content\/uploads\/sites\/23\/2021\/05\/museo.jpg\" alt=\"\" class=\"wp-image-51 lazyload\" srcset=\"https:\/\/www.redlatambiocultural.org\/pescaartesanal\/wp-content\/uploads\/sites\/23\/2021\/05\/museo.jpg 1024w, https:\/\/www.redlatambiocultural.org\/pescaartesanal\/wp-content\/uploads\/sites\/23\/2021\/05\/museo-300x169.jpg 300w, https:\/\/www.redlatambiocultural.org\/pescaartesanal\/wp-content\/uploads\/sites\/23\/2021\/05\/museo-768x432.jpg 768w, https:\/\/www.redlatambiocultural.org\/pescaartesanal\/wp-content\/uploads\/sites\/23\/2021\/05\/museo-400x225.jpg 400w, https:\/\/www.redlatambiocultural.org\/pescaartesanal\/wp-content\/uploads\/sites\/23\/2021\/05\/museo-800x450.jpg 800w\" sizes=\"(max-width: 1024px) 100vw, 1024px\" \/><\/noscript><\/figure>\n\n\n\n<figure class=\"wp-block-video\"><video controls src=\"https:\/\/www.redlatambiocultural.org\/pescaartesanal\/wp-content\/uploads\/sites\/23\/2021\/05\/10000000_3240694459344836_5534291140592183689_n.mp4\"><\/video><\/figure>\n\n\n\n<p>Link del v\u00eddeo: <a href=\"https:\/\/fb.watch\/5NxdqXxzjd\/\">https:\/\/fb.watch\/5NxdqXxzjd\/<\/a><\/p>\n","protected":false},"excerpt":{"rendered":"<p>Trabajo realizado por estudiantes de la c\u00e1tedra de antropolog\u00eda Uleam- Proyecto Ecomuseo y desarrollo territorial. Link del v\u00eddeo: https:\/\/fb.watch\/5NxdqXxzjd\/<\/p>\n","protected":false},"author":27,"featured_media":57,"comment_status":"open","ping_status":"open","sticky":false,"template":"","format":"standard","meta":{"footnotes":""},"categories":[1],"tags":[],"_links":{"self":[{"href":"https:\/\/www.redlatambiocultural.org\/pescaartesanal\/wp-json\/wp\/v2\/posts\/50"}],"collection":[{"href":"https:\/\/www.redlatambiocultural.org\/pescaartesanal\/wp-json\/wp\/v2\/posts"}],"about":[{"href":"https:\/\/www.redlatambiocultural.org\/pescaartesanal\/wp-json\/wp\/v2\/types\/post"}],"author":[{"embeddable":true,"href":"https:\/\/www.redlatambiocultural.org\/pescaartesanal\/wp-json\/wp\/v2\/users\/27"}],"replies":[{"embeddable":true,"href":"https:\/\/www.redlatambiocultural.org\/pescaartesanal\/wp-json\/wp\/v2\/comments?post=50"}],"version-history":[{"count":3,"href":"https:\/\/www.redlatambiocultural.org\/pescaartesanal\/wp-json\/wp\/v2\/posts\/50\/revisions"}],"predecessor-version":[{"id":60,"href":"https:\/\/www.redlatambiocultural.org\/pescaartesanal\/wp-json\/wp\/v2\/posts\/50\/revisions\/60"}],"wp:featuredmedia":[{"embeddable":true,"href":"https:\/\/www.redlatambiocultural.org\/pescaartesanal\/wp-json\/wp\/v2\/media\/57"}],"wp:attachment":[{"href":"https:\/\/www.redlatambiocultural.org\/pescaartesanal\/wp-json\/wp\/v2\/media?parent=50"}],"wp:term":[{"taxonomy":"category","embeddable":true,"href":"https:\/\/www.redlatambiocultural.org\/pescaartesanal\/wp-json\/wp\/v2\/categories?post=50"},{"taxonomy":"post_tag","embeddable":true,"href":"https:\/\/www.redlatambiocultural.org\/pescaartesanal\/wp-json\/wp\/v2\/tags?post=50"}],"curies":[{"name":"wp","href":"https:\/\/api.w.org\/{rel}","templated":true}]}}