{"id":40,"date":"2021-05-13T00:54:24","date_gmt":"2021-05-13T00:54:24","guid":{"rendered":"https:\/\/www.redlatambiocultural.org\/meliponicultura\/?p=40"},"modified":"2021-05-13T00:57:19","modified_gmt":"2021-05-13T00:57:19","slug":"conocimiento-de-las-abejas-nativas-sin-aguijon-y-cambio-generacional-entre-los-mayas-lacandones-de-naha-chiapas","status":"publish","type":"post","link":"https:\/\/www.redlatambiocultural.org\/meliponicultura\/2021\/05\/13\/conocimiento-de-las-abejas-nativas-sin-aguijon-y-cambio-generacional-entre-los-mayas-lacandones-de-naha-chiapas\/","title":{"rendered":"Conocimiento de las abejas nativas sin aguij\u00f3n y cambio generacional entre los mayas lacandones de Nah\u00e1, Chiapas"},"content":{"rendered":"\n<p><a href=\"https:\/\/revistas-filologicas.unam.mx\/estudios-cultura-maya\/index.php\/ecm\/article\/view\/1020\/1642\">https:\/\/revistas-filologicas.unam.mx\/estudios-cultura-maya\/index.php\/ecm\/article\/view\/1020\/1642<\/a><\/p>\n\n\n\n<p>Los mayas lacandones est\u00e1n asentados en la selva lacandona desde el siglo XVII; su experiencia y conocimiento les permite conocer y aprovechar distintos elementos naturales, entre ellos, las Abejas Nativas Sin Aguij\u00f3n (ANSA). El presente trabajo registr\u00f3 las especies de ANSA y el conocimiento diferenciado que sobre ellas tienen los jefes de familia en Nah\u00e1, Chiapas. De 2015 a 2018, con colaboradores clave y a trav\u00e9s de colectas entomol\u00f3gicas, se determinaron las especies de ANSA que identifica la poblaci\u00f3n local en el \u00c1rea de Protecci\u00f3n Flora y Fauna de Nah\u00e1 (APFFN). Posteriormente se aplic\u00f3 un cuestionario a 68 jefes de familia, todos hombres, para estimar el grado de conocimiento y los usos que les dan a las abejas nativas sin aguij\u00f3n, de acuerdo a estratos edad. En total se registraron 15 especies de abejas nativas, entre ellas se extrae miel principalmente de cuatro:\u00a0<em>Tetragonisca angustula<\/em>\u00a0(<em>Ajyus<\/em>),\u00a0<em>Scaura argyrea<\/em>\u00a0(<em>K\u2019amas kap\u2019<\/em>),\u00a0<em>Plebeia frontalis<\/em>\u00a0(<em>Ak chip kap<\/em>) y\u00a0<em>Melipona solani<\/em>\u00a0(<em>Jach K\u2019ojo\u2019<\/em>). Registramos un conocimiento diferenciado de los jefes de familia en las 15 especies ANSA, a partir de su comportamiento, morfolog\u00eda y lugares donde viven. La tendencia generalizada es a la p\u00e9rdida de conocimiento, acentu\u00e1ndose en los j\u00f3venes. Las causas se vinculan con el debilitamiento de pr\u00e1cticas sociales de transmisi\u00f3n de conocimiento, como disminuci\u00f3n de la recolecci\u00f3n y falta de manejo de colmenas en sus solares; aunado a ello, se suma la llegada de productos que sustituyen la miel y la cera, ofertados a precios m\u00e1s bajos.<\/p>\n","protected":false},"excerpt":{"rendered":"<p>https:\/\/revistas-filologicas.unam.mx\/estudios-cultura-maya\/index.php\/ecm\/article\/view\/1020\/1642 Los mayas lacandones est\u00e1n asentados en la selva lacandona desde el siglo XVII; su experiencia y conocimiento les permite conocer y aprovechar distintos elementos naturales, entre ellos, las Abejas Nativas Sin Aguij\u00f3n (ANSA). El presente trabajo registr\u00f3 las especies de ANSA y el conocimiento diferenciado que sobre ellas tienen los jefes de familia en [&hellip;]<\/p>\n","protected":false},"author":26,"featured_media":42,"comment_status":"open","ping_status":"open","sticky":false,"template":"","format":"standard","meta":{"footnotes":""},"categories":[1],"tags":[],"_links":{"self":[{"href":"https:\/\/www.redlatambiocultural.org\/meliponicultura\/wp-json\/wp\/v2\/posts\/40"}],"collection":[{"href":"https:\/\/www.redlatambiocultural.org\/meliponicultura\/wp-json\/wp\/v2\/posts"}],"about":[{"href":"https:\/\/www.redlatambiocultural.org\/meliponicultura\/wp-json\/wp\/v2\/types\/post"}],"author":[{"embeddable":true,"href":"https:\/\/www.redlatambiocultural.org\/meliponicultura\/wp-json\/wp\/v2\/users\/26"}],"replies":[{"embeddable":true,"href":"https:\/\/www.redlatambiocultural.org\/meliponicultura\/wp-json\/wp\/v2\/comments?post=40"}],"version-history":[{"count":2,"href":"https:\/\/www.redlatambiocultural.org\/meliponicultura\/wp-json\/wp\/v2\/posts\/40\/revisions"}],"predecessor-version":[{"id":43,"href":"https:\/\/www.redlatambiocultural.org\/meliponicultura\/wp-json\/wp\/v2\/posts\/40\/revisions\/43"}],"wp:featuredmedia":[{"embeddable":true,"href":"https:\/\/www.redlatambiocultural.org\/meliponicultura\/wp-json\/wp\/v2\/media\/42"}],"wp:attachment":[{"href":"https:\/\/www.redlatambiocultural.org\/meliponicultura\/wp-json\/wp\/v2\/media?parent=40"}],"wp:term":[{"taxonomy":"category","embeddable":true,"href":"https:\/\/www.redlatambiocultural.org\/meliponicultura\/wp-json\/wp\/v2\/categories?post=40"},{"taxonomy":"post_tag","embeddable":true,"href":"https:\/\/www.redlatambiocultural.org\/meliponicultura\/wp-json\/wp\/v2\/tags?post=40"}],"curies":[{"name":"wp","href":"https:\/\/api.w.org\/{rel}","templated":true}]}}